{"id":13023,"date":"2024-04-26T08:34:27","date_gmt":"2024-04-26T07:34:27","guid":{"rendered":"https:\/\/www.5gforum.es\/europa-demuestra-su-liderazgo-en-5g-y-6g-en-el-5g-forum-24\/"},"modified":"2024-04-26T09:19:35","modified_gmt":"2024-04-26T08:19:35","slug":"europa-demuestra-su-liderazgo-en-5g-y-6g-en-el-5g-forum-24","status":"publish","type":"post","link":"https:\/\/www.5gforum.es\/en\/europa-demuestra-su-liderazgo-en-5g-y-6g-en-el-5g-forum-24\/","title":{"rendered":"EUROPE DEMONSTRATES ITS LEADERSHIP IN 5G AND 6G AT 5G FORUM 24"},"content":{"rendered":"<ul>\n<li><span style=\"font-size: small;\"><b>The European Commission will participate in the seventh edition of the 5G Forum, represented by Agust\u00edn D\u00edaz-Pin\u00e9s, Deputy Head of the European Commission&#8217;s Future Connectivity Systems Unit.<\/b><\/span><\/li>\n<li><b><\/b><span style=\"font-size: small;\"><b>Associations such as the EBU (European Broadcasting Union), represented by Elena Puigrefagut; or the 6G-IA, represented by Carles Ant\u00f3n-Haro, will complete the European agenda.<\/b><\/span><\/li>\n<li><b><\/b><span style=\"font-size: small;\"><b>The 5G Forum 24 will also include multinationals from Germany and Finland, in addition to 12 Spanish entities and the three main operators: MASORANGE, Telef\u00f3nica and Vodafone.<\/b><\/span><\/li>\n<\/ul>\n<p align=\"justify\"><span style=\"font-size: small;\">European multinationals, operators, institutions and associations will be well represented at the <\/span><span style=\"font-size: small;\"><b>seventh edition of the 5G Forum, &#8220;Where 5G leaders meet&#8221;<\/b><\/span><span style=\"font-size: small;\">, an event that will be held <\/span><span style=\"font-size: small;\"><b>from May 6 to 10 <\/b><\/span><span style=\"font-size: small;\">in hybrid format, starting with two face-to-face sessions at the Nissan Cartuja Auditorium in Seville on Monday May 6 and Tuesday May 7, and will continue with three virtual sessions on May 8, 9 and 10.<\/span><\/p>\n<p align=\"justify\"><span style=\"font-size: small;\"><b>Top-level European representation<\/b><\/span><\/p>\n<p align=\"justify\"><span style=\"font-size: small;\">The <\/span><span style=\"font-size: small;\"><b>5G Forum 24 <\/b><\/span><span style=\"font-size: small;\">will feature <\/span><span style=\"font-size: small;\"><b>Agust\u00edn D\u00edaz-Pin\u00e9s, Deputy Head of the Future Connectivity Systems Unit at the European Commission<\/b><\/span><span style=\"font-size: small;\">, responsible for policy and strategic developments in 5G and 6G communication networks as part of the <\/span><span style=\"font-size: small;\"><b>Digital Decade <\/b><\/span><span style=\"font-size: small;\">strategy <\/span><span style=\"font-size: small;\"><b>to foster European investment and innovation.<\/b><\/span><\/p>\n<p><img loading=\"lazy\" decoding=\"async\" class=\"aligncenter wp-image-13012 size-full\" src=\"https:\/\/www.5gforum.es\/web\/wp-content\/uploads\/2024\/04\/Agustin-Diaz-Pines.jpg\" alt=\"\" width=\"297\" height=\"382\" srcset=\"https:\/\/www.5gforum.es\/web\/wp-content\/uploads\/2024\/04\/Agustin-Diaz-Pines.jpg 297w, https:\/\/www.5gforum.es\/web\/wp-content\/uploads\/2024\/04\/Agustin-Diaz-Pines-233x300.jpg 233w\" sizes=\"auto, (max-width: 297px) 100vw, 297px\" \/><\/p>\n<p align=\"justify\"><span style=\"font-size: small;\">D\u00edaz-Pin\u00e9s will present the European Commission&#8217;s White Paper on the <\/span><span style=\"font-size: small;\"><b>future of digital infrastructure in Europe, linking it to the 5G and 6G strategy. <\/b><\/span><\/p>\n<p align=\"justify\"><span style=\"font-size: small;\"><b>European associations such as the European Broadcasting Union (EBU) or the 6G-IA <\/b><\/span><span style=\"font-size: small;\">will complete an exclusive agenda. On the one hand, <\/span><span style=\"font-size: small;\"><b>Elena Puigrefagut, Senior Project Manager at the European Broadcasting Union (EBU), <\/b><\/span><span style=\"font-size: small;\">will develop everything related to <\/span><span style=\"font-size: small;\"><b>5G-EMERGE<\/b><\/span><span style=\"font-size: small;\">, &#8220;a hybrid network ecosystem based on 5G, and centered on satellites, optimized for media distribution&#8221;. This is a <\/span><span style=\"font-size: small;\"><b>project led by the EBU-UER (European Broadcasting Union), largely funded by ESA (the European Space Agency)<\/b><\/span><span style=\"font-size: small;\">, under its ARTES program, which aims to &#8220;enable service providers to deliver video streaming services at scale and cost-effectively, while enhancing the user experience across a wide range of use cases.&#8221;<\/span><\/p>\n<p><img loading=\"lazy\" decoding=\"async\" class=\"aligncenter wp-image-13014 size-large\" src=\"https:\/\/www.5gforum.es\/web\/wp-content\/uploads\/2024\/04\/Elena-Puigrefagut-scaled-e1714116144114-1024x915.jpg\" alt=\"\" width=\"1024\" height=\"915\" srcset=\"https:\/\/www.5gforum.es\/web\/wp-content\/uploads\/2024\/04\/Elena-Puigrefagut-scaled-e1714116144114-1024x915.jpg 1024w, https:\/\/www.5gforum.es\/web\/wp-content\/uploads\/2024\/04\/Elena-Puigrefagut-scaled-e1714116144114-300x268.jpg 300w, https:\/\/www.5gforum.es\/web\/wp-content\/uploads\/2024\/04\/Elena-Puigrefagut-scaled-e1714116144114-768x687.jpg 768w, https:\/\/www.5gforum.es\/web\/wp-content\/uploads\/2024\/04\/Elena-Puigrefagut-scaled-e1714116144114-1536x1373.jpg 1536w, https:\/\/www.5gforum.es\/web\/wp-content\/uploads\/2024\/04\/Elena-Puigrefagut-scaled-e1714116144114.jpg 1698w\" sizes=\"auto, (max-width: 1024px) 100vw, 1024px\" \/><\/p>\n<p align=\"justify\"><span style=\"font-size: small;\">For his part, <\/span><span style=\"font-size: small;\"><b>Carles Ant\u00f3n-Haro, 6G-IA Board Member, Chair of the 6G-IA Trials Working Group <\/b><\/span><span style=\"font-size: small;\">and Director of European Programs and Industrial Contracts at the Centre Tecnol\u00f2gic de Telecomunicacions de Catalunya (CTTC), will outline the <\/span><span style=\"font-size: small;\"><b>EU and U.S. R&amp;D roadmap within the six areas of collaboration for 6G networks and services<\/b><\/span><span style=\"font-size: small;\">. The European Union and the United States reaffirmed their commitment to cooperate on the development of future 6G networks during the fourth ministerial meeting of the Trade and Technology Council (TTC) in May 2023.<\/span><\/p>\n<p><img loading=\"lazy\" decoding=\"async\" class=\"aligncenter wp-image-13016 size-full\" src=\"https:\/\/www.5gforum.es\/web\/wp-content\/uploads\/2024\/04\/Carles-Anton-Haro.jpg\" alt=\"\" width=\"800\" height=\"950\" srcset=\"https:\/\/www.5gforum.es\/web\/wp-content\/uploads\/2024\/04\/Carles-Anton-Haro.jpg 800w, https:\/\/www.5gforum.es\/web\/wp-content\/uploads\/2024\/04\/Carles-Anton-Haro-253x300.jpg 253w, https:\/\/www.5gforum.es\/web\/wp-content\/uploads\/2024\/04\/Carles-Anton-Haro-768x912.jpg 768w\" sizes=\"auto, (max-width: 800px) 100vw, 800px\" \/><\/p>\n<p align=\"justify\"><span style=\"font-size: small;\"><b>Finland&#8217;s Nokia and Germany&#8217;s Rohde &amp; Schwarz <\/b><\/span><span style=\"font-size: small;\">will also contribute their European vision.<\/span><\/p>\n<p align=\"justify\"><span style=\"font-size: small;\"><b>Network as Code concept and Nokia 5GNaCar project<\/b><\/span><\/p>\n<p align=\"justify\"><span style=\"font-size: small;\"><b>Jaime Ruiz, Innovation Manager at Nokia<\/b><\/span><span style=\"font-size: small;\">, will share some of the latest news and advances of the Finnish multinational, such as the <\/span><span style=\"font-size: small;\"><b>Network as Code (NaC) concept or the 5GNaCar<\/b><\/span><span style=\"font-size: small;\">, &#8220;a research project that takes a step forward in the new functions supported by NaC&#8221;. Aimed at <\/span><span style=\"font-size: small;\"><b>optimizing performance and user experience<\/b><\/span><span style=\"font-size: small;\">, Network as Code is the &#8220;extreme simplification of network capabilities&#8221; to enable applications to dynamically change the network.<\/span><\/p>\n<p><img loading=\"lazy\" decoding=\"async\" class=\"aligncenter wp-image-13018 size-large\" src=\"https:\/\/www.5gforum.es\/web\/wp-content\/uploads\/2024\/04\/Jaime_Ruiz_XRLab_2023-3-1024x768.jpg\" alt=\"\" width=\"1024\" height=\"768\" srcset=\"https:\/\/www.5gforum.es\/web\/wp-content\/uploads\/2024\/04\/Jaime_Ruiz_XRLab_2023-3-1024x768.jpg 1024w, https:\/\/www.5gforum.es\/web\/wp-content\/uploads\/2024\/04\/Jaime_Ruiz_XRLab_2023-3-300x225.jpg 300w, https:\/\/www.5gforum.es\/web\/wp-content\/uploads\/2024\/04\/Jaime_Ruiz_XRLab_2023-3-768x576.jpg 768w, https:\/\/www.5gforum.es\/web\/wp-content\/uploads\/2024\/04\/Jaime_Ruiz_XRLab_2023-3-1536x1152.jpg 1536w, https:\/\/www.5gforum.es\/web\/wp-content\/uploads\/2024\/04\/Jaime_Ruiz_XRLab_2023-3-2048x1536.jpg 2048w\" sizes=\"auto, (max-width: 1024px) 100vw, 1024px\" \/><\/p>\n<p align=\"justify\"><span style=\"font-size: small;\">NaC allows the <\/span><span style=\"font-size: small;\"><b>&#8220;construction of a new business and technological framework&#8221;<\/b><\/span><span style=\"font-size: small;\">, according to Jaime Ruiz, which in turn facilitates the inclusion of developers and the ecosystem of technological partners, something fundamental for the creation of value. <\/span><\/p>\n<p align=\"justify\"><span style=\"font-size: small;\"><b>Rohde &amp; Schwarz and NTN mobile devices<\/b><\/span><\/p>\n<p align=\"justify\"><span style=\"font-size: small;\"><b>Germ\u00e1n Mart\u00edn, Applications Engineer at Germany&#8217;s Rohde &amp; Schwarz, <\/b><\/span><span style=\"font-size: small;\">will share with attendees some solutions for <\/span><span style=\"font-size: small;\"><b>NTN (Non-Terrestrial Network) mobile device <\/b><\/span><span style=\"font-size: small;\">measurements with the aim of bringing mobile connectivity everywhere, even to isolated regions that do not have access to conventional terrestrial networks. He will also talk about the <\/span><span style=\"font-size: small;\"><b>3GPP <\/b><\/span><span style=\"font-size: small;\">(3rd Generation Partnership Project), a collaboration of groups of telecommunications associations.<\/span><\/p>\n<p><img loading=\"lazy\" decoding=\"async\" class=\"aligncenter wp-image-13020 size-large\" src=\"https:\/\/www.5gforum.es\/web\/wp-content\/uploads\/2024\/04\/German-Martin-1024x1024.jpg\" alt=\"\" width=\"1024\" height=\"1024\" srcset=\"https:\/\/www.5gforum.es\/web\/wp-content\/uploads\/2024\/04\/German-Martin-1024x1024.jpg 1024w, https:\/\/www.5gforum.es\/web\/wp-content\/uploads\/2024\/04\/German-Martin-300x300.jpg 300w, https:\/\/www.5gforum.es\/web\/wp-content\/uploads\/2024\/04\/German-Martin-150x150.jpg 150w, https:\/\/www.5gforum.es\/web\/wp-content\/uploads\/2024\/04\/German-Martin-768x768.jpg 768w, https:\/\/www.5gforum.es\/web\/wp-content\/uploads\/2024\/04\/German-Martin.jpg 1490w\" sizes=\"auto, (max-width: 1024px) 100vw, 1024px\" \/><\/p>\n<p align=\"justify\"><span style=\"color: #202020;\"><span style=\"font-size: small;\">With extensive experience working with 5G terminal testing techniques, the technical support manager for mobile communications solutions will develop one of the major network issues on the planet, such as terrestrial network coverage, as today, <\/span><\/span><span style=\"color: #202020;\"><span style=\"font-size: small;\"><b>&#8220;less than 20% of the entire planet Earth has terrestrial coverage deployed&#8221;.<\/b><\/span><\/span><\/p>\n<p align=\"justify\"><span style=\"color: #202020;\"><span style=\"font-size: small;\"><b>Spain: 12 reference entities in 5G technology<\/b><\/span><\/span><\/p>\n<p align=\"justify\"><span style=\"color: #202020;\"><span style=\"font-size: small;\">Up to <\/span><\/span><span style=\"color: #202020;\"><span style=\"font-size: small;\"><b>12 Spanish entities and organizations <\/b><\/span><\/span><span style=\"color: #202020;\"><span style=\"font-size: small;\">will also meet at the 5G Forum 24: <\/span><\/span><span style=\"color: #202020;\"><span style=\"font-size: small;\"><b>Netmetrix, OFG, Vicomtech, Wavecontrol, Axion, UMA <\/b><\/span><\/span><span style=\"color: #202020;\"><span style=\"font-size: small;\">-University of Malaga- <\/span><\/span><span style=\"color: #202020;\"><span style=\"font-size: small;\"><b>Gradiant, Hispasat, Gsertel, AI Funded, Opossum and Gamma Solutions, which are references in the 5G world <\/b><\/span><\/span><span style=\"color: #202020;\"><span style=\"font-size: small;\">and will tell the latest advances in this technology <\/span><\/span><span style=\"color: #202020;\"><span style=\"font-size: small;\"><b>showing the way to 6G.<\/b><\/span><\/span><\/p>\n<p align=\"justify\"><span style=\"color: #202020;\"><span style=\"font-size: small;\"><b>MASORANGE, Telef\u00f3nica and Vodafone, at the 5G Forum 2024<\/b><\/span><\/span><\/p>\n<p align=\"justify\"><span style=\"color: #202020;\"><span style=\"font-size: small;\">The three main operators will talk about their latest advances in 5G technology. On behalf of <\/span><\/span><span style=\"color: #202020;\"><span style=\"font-size: small;\"><b>MASORANGE, Miguel \u00c1ngel Victoria<\/b><\/span><\/span><span style=\"color: #202020;\"><span style=\"font-size: small;\">, Head of IoT B2B, and <\/span><\/span><span style=\"color: #202020;\"><span style=\"font-size: small;\"><b>Ang\u00e9lica S\u00e1nchez<\/b><\/span><\/span><span style=\"color: #202020;\"><span style=\"font-size: small;\">, Director of Business and Marketing at Orange, will explain the advantages of this technology in both the residential and business markets.<\/span><\/span><\/p>\n<p align=\"justify\"><span style=\"color: #202020;\"><b>Telef\u00f3nica <\/b><\/span><span style=\"color: #202020;\">will be present with a session with the participation of <\/span><span style=\"color: #202020;\"><b>Juan Cambeiro<\/b><\/span><span style=\"color: #202020;\">, Head of 5G customer projects, and <\/span><span style=\"color: #202020;\"><b>\u00c1ngel \u00c1lamo<\/b><\/span><span style=\"color: #202020;\">, Head of LAN and 5G Marketing, which will review the present and future of &#8220;one of the most transformative technologies that have been deployed in recent years&#8221;. <\/span><span style=\"color: #202020;\"><b>David Artu\u00f1edo<\/b><\/span><span style=\"color: #202020;\">, Head of Future Networks Lab at TID, will also give a presentation on the Future Networks Lab projects in Andalusia.<\/span><\/p>\n<p align=\"justify\"><span style=\"font-size: small;\"><b>Vodafone <\/b><\/span><span style=\"font-size: small;\">will also have its place in the 5G Forum 24 with the presence of <\/span><span style=\"font-size: small;\"><b>C\u00e9sar Ant\u00f3n<\/b><\/span><span style=\"font-size: small;\">, Network as a Platform Design and Development Manager at Vodafone Business. With extensive experience in APIs, C\u00e9sar Ant\u00f3n will address the standardization of API networks, an intermediary between two systems that allows one application to communicate with another and request specific data or actions.<\/span><\/p>\n<p align=\"justify\"><span style=\"font-size: small;\">The <\/span><span style=\"font-size: small;\"><b>5G Forum <\/b><\/span><span style=\"font-size: small;\">has established itself as a reference forum in the technology sector, as it is a unique showcase with a multidisciplinary vocation to publicize each year the use cases and success stories of operators, companies, universities and institutions.<\/span><\/p>\n<p align=\"justify\"><span style=\"font-size: small;\"><b>All the presentations of this <\/b><\/span><span style=\"font-size: small;\">and previous editions can be viewed through <\/span><a href=\"https:\/\/www.thenewtechobservatory.com\/inicio.aspx\"><span style=\"color: #1155cc;\"><span style=\"font-size: small;\"><u><b>&#8216;The Observatory<\/b><\/u><\/span><\/span><\/a><span style=\"font-size: small;\">&#8216;, the digital platform of Medina Media Events, where all the interventions will be available 24\/365 for <\/span><span style=\"font-size: small;\"><b>on-demand consumption<\/b><\/span><span style=\"font-size: small;\">, like Netflix, but free of charge.<\/span><\/p>\n<p align=\"justify\"><span style=\"font-size: small;\">The seventh edition of the <\/span><span style=\"font-size: small;\"><b>5G Forum <\/b><\/span><span style=\"font-size: small;\">is organized by Medina Media Events and is supported by MASORANGE, Telef\u00f3nica, Red Hat, Netmetrix, Huawei, ZTE, Mavenir, OFG, Vicomtech, Wavecontrol, Axi\u00f3n, the University of M\u00e1laga, Viavi Solutions, Nokia, Rohde &amp; Schwarz, Gradiant, Hispasat, Gsertel, AI Funded, Opossum and Gamma Solutions, among others.<\/span><\/p>\n","protected":false},"excerpt":{"rendered":"<p>The European Commission will participate in the seventh edition of the 5G Forum, represented by Agust\u00edn D\u00edaz-Pin\u00e9s, Deputy Head of the European Commission&#8217;s Future Connectivity Systems Unit. Associations such as the EBU (European Broadcasting Union), represented by Elena Puigrefagut; or the 6G-IA, represented by Carles Ant\u00f3n-Haro, will complete the European agenda. The 5G Forum 24 [&hellip;]<\/p>\n","protected":false},"author":7,"featured_media":13011,"comment_status":"closed","ping_status":"closed","sticky":false,"template":"","format":"standard","meta":{"_acf_changed":false,"footnotes":""},"categories":[115],"tags":[62,63,136],"class_list":["post-13023","post","type-post","status-publish","format-standard","has-post-thumbnail","hentry","category-2024-en","tag-5g-en","tag-5g-forum-en","tag-europa-en"],"acf":[],"yoast_head":"<!-- This site is optimized with the Yoast SEO plugin v27.5 - https:\/\/yoast.com\/product\/yoast-seo-wordpress\/ -->\n<title>EUROPE DEMONSTRATES ITS LEADERSHIP IN 5G AND 6G AT 5G FORUM 24 &#8211; 5G FORUM<\/title>\n<meta name=\"description\" content=\"EUROPE DEMONSTRATES ITS LEADERSHIP IN 5G AND 6G AT 5G FORUM 24\" \/>\n<meta name=\"robots\" content=\"index, follow, max-snippet:-1, max-image-preview:large, max-video-preview:-1\" \/>\n<link rel=\"canonical\" href=\"https:\/\/www.5gforum.es\/en\/europa-demuestra-su-liderazgo-en-5g-y-6g-en-el-5g-forum-24\/\" \/>\n<meta property=\"og:locale\" content=\"en_US\" \/>\n<meta property=\"og:type\" content=\"article\" \/>\n<meta property=\"og:title\" content=\"EUROPE DEMONSTRATES ITS LEADERSHIP IN 5G AND 6G AT 5G FORUM 24 &#8211; 5G FORUM\" \/>\n<meta property=\"og:description\" content=\"EUROPE DEMONSTRATES ITS LEADERSHIP IN 5G AND 6G AT 5G FORUM 24\" \/>\n<meta property=\"og:url\" content=\"https:\/\/www.5gforum.es\/en\/europa-demuestra-su-liderazgo-en-5g-y-6g-en-el-5g-forum-24\/\" \/>\n<meta property=\"og:site_name\" content=\"5G FORUM\" \/>\n<meta property=\"article:published_time\" content=\"2024-04-26T07:34:27+00:00\" \/>\n<meta property=\"article:modified_time\" content=\"2024-04-26T08:19:35+00:00\" \/>\n<meta property=\"og:image\" content=\"https:\/\/www.5gforum.es\/web\/wp-content\/uploads\/2024\/04\/1.jpg\" \/>\n\t<meta property=\"og:image:width\" content=\"1600\" \/>\n\t<meta property=\"og:image:height\" content=\"900\" \/>\n\t<meta property=\"og:image:type\" content=\"image\/jpeg\" \/>\n<meta name=\"author\" content=\"Gloria Mart\u00ednez\" \/>\n<meta name=\"twitter:card\" content=\"summary_large_image\" \/>\n<meta name=\"twitter:label1\" content=\"Written by\" \/>\n\t<meta name=\"twitter:data1\" content=\"Gloria Mart\u00ednez\" \/>\n\t<meta name=\"twitter:label2\" content=\"Est. reading time\" \/>\n\t<meta name=\"twitter:data2\" content=\"6 minutes\" \/>\n<script type=\"application\/ld+json\" class=\"yoast-schema-graph\">{\"@context\":\"https:\\\/\\\/schema.org\",\"@graph\":[{\"@type\":\"Article\",\"@id\":\"https:\\\/\\\/www.5gforum.es\\\/en\\\/europa-demuestra-su-liderazgo-en-5g-y-6g-en-el-5g-forum-24\\\/#article\",\"isPartOf\":{\"@id\":\"https:\\\/\\\/www.5gforum.es\\\/en\\\/europa-demuestra-su-liderazgo-en-5g-y-6g-en-el-5g-forum-24\\\/\"},\"author\":{\"name\":\"Gloria Mart\u00ednez\",\"@id\":\"https:\\\/\\\/www.5gforum.es\\\/en\\\/#\\\/schema\\\/person\\\/95e54f7d94b80dd61dd03c02596a4c65\"},\"headline\":\"EUROPE DEMONSTRATES ITS LEADERSHIP IN 5G AND 6G AT 5G FORUM 24\",\"datePublished\":\"2024-04-26T07:34:27+00:00\",\"dateModified\":\"2024-04-26T08:19:35+00:00\",\"mainEntityOfPage\":{\"@id\":\"https:\\\/\\\/www.5gforum.es\\\/en\\\/europa-demuestra-su-liderazgo-en-5g-y-6g-en-el-5g-forum-24\\\/\"},\"wordCount\":1054,\"publisher\":{\"@id\":\"https:\\\/\\\/www.5gforum.es\\\/en\\\/#organization\"},\"image\":{\"@id\":\"https:\\\/\\\/www.5gforum.es\\\/en\\\/europa-demuestra-su-liderazgo-en-5g-y-6g-en-el-5g-forum-24\\\/#primaryimage\"},\"thumbnailUrl\":\"https:\\\/\\\/www.5gforum.es\\\/web\\\/wp-content\\\/uploads\\\/2024\\\/04\\\/1.jpg\",\"keywords\":[\"5G\",\"5g forum\",\"europa\"],\"articleSection\":[\"2024\"],\"inLanguage\":\"en-US\"},{\"@type\":\"WebPage\",\"@id\":\"https:\\\/\\\/www.5gforum.es\\\/en\\\/europa-demuestra-su-liderazgo-en-5g-y-6g-en-el-5g-forum-24\\\/\",\"url\":\"https:\\\/\\\/www.5gforum.es\\\/en\\\/europa-demuestra-su-liderazgo-en-5g-y-6g-en-el-5g-forum-24\\\/\",\"name\":\"EUROPE DEMONSTRATES ITS LEADERSHIP IN 5G AND 6G AT 5G FORUM 24 &#8211; 5G FORUM\",\"isPartOf\":{\"@id\":\"https:\\\/\\\/www.5gforum.es\\\/en\\\/#website\"},\"primaryImageOfPage\":{\"@id\":\"https:\\\/\\\/www.5gforum.es\\\/en\\\/europa-demuestra-su-liderazgo-en-5g-y-6g-en-el-5g-forum-24\\\/#primaryimage\"},\"image\":{\"@id\":\"https:\\\/\\\/www.5gforum.es\\\/en\\\/europa-demuestra-su-liderazgo-en-5g-y-6g-en-el-5g-forum-24\\\/#primaryimage\"},\"thumbnailUrl\":\"https:\\\/\\\/www.5gforum.es\\\/web\\\/wp-content\\\/uploads\\\/2024\\\/04\\\/1.jpg\",\"datePublished\":\"2024-04-26T07:34:27+00:00\",\"dateModified\":\"2024-04-26T08:19:35+00:00\",\"description\":\"EUROPE DEMONSTRATES ITS LEADERSHIP IN 5G AND 6G AT 5G FORUM 24\",\"breadcrumb\":{\"@id\":\"https:\\\/\\\/www.5gforum.es\\\/en\\\/europa-demuestra-su-liderazgo-en-5g-y-6g-en-el-5g-forum-24\\\/#breadcrumb\"},\"inLanguage\":\"en-US\",\"potentialAction\":[{\"@type\":\"ReadAction\",\"target\":[\"https:\\\/\\\/www.5gforum.es\\\/en\\\/europa-demuestra-su-liderazgo-en-5g-y-6g-en-el-5g-forum-24\\\/\"]}]},{\"@type\":\"ImageObject\",\"inLanguage\":\"en-US\",\"@id\":\"https:\\\/\\\/www.5gforum.es\\\/en\\\/europa-demuestra-su-liderazgo-en-5g-y-6g-en-el-5g-forum-24\\\/#primaryimage\",\"url\":\"https:\\\/\\\/www.5gforum.es\\\/web\\\/wp-content\\\/uploads\\\/2024\\\/04\\\/1.jpg\",\"contentUrl\":\"https:\\\/\\\/www.5gforum.es\\\/web\\\/wp-content\\\/uploads\\\/2024\\\/04\\\/1.jpg\",\"width\":1600,\"height\":900},{\"@type\":\"BreadcrumbList\",\"@id\":\"https:\\\/\\\/www.5gforum.es\\\/en\\\/europa-demuestra-su-liderazgo-en-5g-y-6g-en-el-5g-forum-24\\\/#breadcrumb\",\"itemListElement\":[{\"@type\":\"ListItem\",\"position\":1,\"name\":\"Portada\",\"item\":\"https:\\\/\\\/www.5gforum.es\\\/en\\\/\"},{\"@type\":\"ListItem\",\"position\":2,\"name\":\"EUROPE DEMONSTRATES ITS LEADERSHIP IN 5G AND 6G AT 5G FORUM 24\"}]},{\"@type\":\"WebSite\",\"@id\":\"https:\\\/\\\/www.5gforum.es\\\/en\\\/#website\",\"url\":\"https:\\\/\\\/www.5gforum.es\\\/en\\\/\",\"name\":\"5G FORUM\",\"description\":\"Donde los l\u00edderes tecnol\u00f3gicos se dan cita\",\"publisher\":{\"@id\":\"https:\\\/\\\/www.5gforum.es\\\/en\\\/#organization\"},\"potentialAction\":[{\"@type\":\"SearchAction\",\"target\":{\"@type\":\"EntryPoint\",\"urlTemplate\":\"https:\\\/\\\/www.5gforum.es\\\/en\\\/?s={search_term_string}\"},\"query-input\":{\"@type\":\"PropertyValueSpecification\",\"valueRequired\":true,\"valueName\":\"search_term_string\"}}],\"inLanguage\":\"en-US\"},{\"@type\":\"Organization\",\"@id\":\"https:\\\/\\\/www.5gforum.es\\\/en\\\/#organization\",\"name\":\"5G FORUM\",\"url\":\"https:\\\/\\\/www.5gforum.es\\\/en\\\/\",\"logo\":{\"@type\":\"ImageObject\",\"inLanguage\":\"en-US\",\"@id\":\"https:\\\/\\\/www.5gforum.es\\\/en\\\/#\\\/schema\\\/logo\\\/image\\\/\",\"url\":\"https:\\\/\\\/www.5gforum.es\\\/web\\\/wp-content\\\/uploads\\\/2018\\\/03\\\/5gforum.png\",\"contentUrl\":\"https:\\\/\\\/www.5gforum.es\\\/web\\\/wp-content\\\/uploads\\\/2018\\\/03\\\/5gforum.png\",\"width\":548,\"height\":487,\"caption\":\"5G FORUM\"},\"image\":{\"@id\":\"https:\\\/\\\/www.5gforum.es\\\/en\\\/#\\\/schema\\\/logo\\\/image\\\/\"}},{\"@type\":\"Person\",\"@id\":\"https:\\\/\\\/www.5gforum.es\\\/en\\\/#\\\/schema\\\/person\\\/95e54f7d94b80dd61dd03c02596a4c65\",\"name\":\"Gloria Mart\u00ednez\",\"sameAs\":[\"http:\\\/\\\/www.medinamediaevents.com\"]}]}<\/script>\n<!-- \/ Yoast SEO plugin. -->","yoast_head_json":{"title":"EUROPE DEMONSTRATES ITS LEADERSHIP IN 5G AND 6G AT 5G FORUM 24 &#8211; 5G FORUM","description":"EUROPE DEMONSTRATES ITS LEADERSHIP IN 5G AND 6G AT 5G FORUM 24","robots":{"index":"index","follow":"follow","max-snippet":"max-snippet:-1","max-image-preview":"max-image-preview:large","max-video-preview":"max-video-preview:-1"},"canonical":"https:\/\/www.5gforum.es\/en\/europa-demuestra-su-liderazgo-en-5g-y-6g-en-el-5g-forum-24\/","og_locale":"en_US","og_type":"article","og_title":"EUROPE DEMONSTRATES ITS LEADERSHIP IN 5G AND 6G AT 5G FORUM 24 &#8211; 5G FORUM","og_description":"EUROPE DEMONSTRATES ITS LEADERSHIP IN 5G AND 6G AT 5G FORUM 24","og_url":"https:\/\/www.5gforum.es\/en\/europa-demuestra-su-liderazgo-en-5g-y-6g-en-el-5g-forum-24\/","og_site_name":"5G FORUM","article_published_time":"2024-04-26T07:34:27+00:00","article_modified_time":"2024-04-26T08:19:35+00:00","og_image":[{"width":1600,"height":900,"url":"https:\/\/www.5gforum.es\/web\/wp-content\/uploads\/2024\/04\/1.jpg","type":"image\/jpeg"}],"author":"Gloria Mart\u00ednez","twitter_card":"summary_large_image","twitter_misc":{"Written by":"Gloria Mart\u00ednez","Est. reading time":"6 minutes"},"schema":{"@context":"https:\/\/schema.org","@graph":[{"@type":"Article","@id":"https:\/\/www.5gforum.es\/en\/europa-demuestra-su-liderazgo-en-5g-y-6g-en-el-5g-forum-24\/#article","isPartOf":{"@id":"https:\/\/www.5gforum.es\/en\/europa-demuestra-su-liderazgo-en-5g-y-6g-en-el-5g-forum-24\/"},"author":{"name":"Gloria Mart\u00ednez","@id":"https:\/\/www.5gforum.es\/en\/#\/schema\/person\/95e54f7d94b80dd61dd03c02596a4c65"},"headline":"EUROPE DEMONSTRATES ITS LEADERSHIP IN 5G AND 6G AT 5G FORUM 24","datePublished":"2024-04-26T07:34:27+00:00","dateModified":"2024-04-26T08:19:35+00:00","mainEntityOfPage":{"@id":"https:\/\/www.5gforum.es\/en\/europa-demuestra-su-liderazgo-en-5g-y-6g-en-el-5g-forum-24\/"},"wordCount":1054,"publisher":{"@id":"https:\/\/www.5gforum.es\/en\/#organization"},"image":{"@id":"https:\/\/www.5gforum.es\/en\/europa-demuestra-su-liderazgo-en-5g-y-6g-en-el-5g-forum-24\/#primaryimage"},"thumbnailUrl":"https:\/\/www.5gforum.es\/web\/wp-content\/uploads\/2024\/04\/1.jpg","keywords":["5G","5g forum","europa"],"articleSection":["2024"],"inLanguage":"en-US"},{"@type":"WebPage","@id":"https:\/\/www.5gforum.es\/en\/europa-demuestra-su-liderazgo-en-5g-y-6g-en-el-5g-forum-24\/","url":"https:\/\/www.5gforum.es\/en\/europa-demuestra-su-liderazgo-en-5g-y-6g-en-el-5g-forum-24\/","name":"EUROPE DEMONSTRATES ITS LEADERSHIP IN 5G AND 6G AT 5G FORUM 24 &#8211; 5G FORUM","isPartOf":{"@id":"https:\/\/www.5gforum.es\/en\/#website"},"primaryImageOfPage":{"@id":"https:\/\/www.5gforum.es\/en\/europa-demuestra-su-liderazgo-en-5g-y-6g-en-el-5g-forum-24\/#primaryimage"},"image":{"@id":"https:\/\/www.5gforum.es\/en\/europa-demuestra-su-liderazgo-en-5g-y-6g-en-el-5g-forum-24\/#primaryimage"},"thumbnailUrl":"https:\/\/www.5gforum.es\/web\/wp-content\/uploads\/2024\/04\/1.jpg","datePublished":"2024-04-26T07:34:27+00:00","dateModified":"2024-04-26T08:19:35+00:00","description":"EUROPE DEMONSTRATES ITS LEADERSHIP IN 5G AND 6G AT 5G FORUM 24","breadcrumb":{"@id":"https:\/\/www.5gforum.es\/en\/europa-demuestra-su-liderazgo-en-5g-y-6g-en-el-5g-forum-24\/#breadcrumb"},"inLanguage":"en-US","potentialAction":[{"@type":"ReadAction","target":["https:\/\/www.5gforum.es\/en\/europa-demuestra-su-liderazgo-en-5g-y-6g-en-el-5g-forum-24\/"]}]},{"@type":"ImageObject","inLanguage":"en-US","@id":"https:\/\/www.5gforum.es\/en\/europa-demuestra-su-liderazgo-en-5g-y-6g-en-el-5g-forum-24\/#primaryimage","url":"https:\/\/www.5gforum.es\/web\/wp-content\/uploads\/2024\/04\/1.jpg","contentUrl":"https:\/\/www.5gforum.es\/web\/wp-content\/uploads\/2024\/04\/1.jpg","width":1600,"height":900},{"@type":"BreadcrumbList","@id":"https:\/\/www.5gforum.es\/en\/europa-demuestra-su-liderazgo-en-5g-y-6g-en-el-5g-forum-24\/#breadcrumb","itemListElement":[{"@type":"ListItem","position":1,"name":"Portada","item":"https:\/\/www.5gforum.es\/en\/"},{"@type":"ListItem","position":2,"name":"EUROPE DEMONSTRATES ITS LEADERSHIP IN 5G AND 6G AT 5G FORUM 24"}]},{"@type":"WebSite","@id":"https:\/\/www.5gforum.es\/en\/#website","url":"https:\/\/www.5gforum.es\/en\/","name":"5G FORUM","description":"Donde los l\u00edderes tecnol\u00f3gicos se dan cita","publisher":{"@id":"https:\/\/www.5gforum.es\/en\/#organization"},"potentialAction":[{"@type":"SearchAction","target":{"@type":"EntryPoint","urlTemplate":"https:\/\/www.5gforum.es\/en\/?s={search_term_string}"},"query-input":{"@type":"PropertyValueSpecification","valueRequired":true,"valueName":"search_term_string"}}],"inLanguage":"en-US"},{"@type":"Organization","@id":"https:\/\/www.5gforum.es\/en\/#organization","name":"5G FORUM","url":"https:\/\/www.5gforum.es\/en\/","logo":{"@type":"ImageObject","inLanguage":"en-US","@id":"https:\/\/www.5gforum.es\/en\/#\/schema\/logo\/image\/","url":"https:\/\/www.5gforum.es\/web\/wp-content\/uploads\/2018\/03\/5gforum.png","contentUrl":"https:\/\/www.5gforum.es\/web\/wp-content\/uploads\/2018\/03\/5gforum.png","width":548,"height":487,"caption":"5G FORUM"},"image":{"@id":"https:\/\/www.5gforum.es\/en\/#\/schema\/logo\/image\/"}},{"@type":"Person","@id":"https:\/\/www.5gforum.es\/en\/#\/schema\/person\/95e54f7d94b80dd61dd03c02596a4c65","name":"Gloria Mart\u00ednez","sameAs":["http:\/\/www.medinamediaevents.com"]}]}},"_links":{"self":[{"href":"https:\/\/www.5gforum.es\/en\/wp-json\/wp\/v2\/posts\/13023","targetHints":{"allow":["GET"]}}],"collection":[{"href":"https:\/\/www.5gforum.es\/en\/wp-json\/wp\/v2\/posts"}],"about":[{"href":"https:\/\/www.5gforum.es\/en\/wp-json\/wp\/v2\/types\/post"}],"author":[{"embeddable":true,"href":"https:\/\/www.5gforum.es\/en\/wp-json\/wp\/v2\/users\/7"}],"replies":[{"embeddable":true,"href":"https:\/\/www.5gforum.es\/en\/wp-json\/wp\/v2\/comments?post=13023"}],"version-history":[{"count":0,"href":"https:\/\/www.5gforum.es\/en\/wp-json\/wp\/v2\/posts\/13023\/revisions"}],"wp:featuredmedia":[{"embeddable":true,"href":"https:\/\/www.5gforum.es\/en\/wp-json\/wp\/v2\/media\/13011"}],"wp:attachment":[{"href":"https:\/\/www.5gforum.es\/en\/wp-json\/wp\/v2\/media?parent=13023"}],"wp:term":[{"taxonomy":"category","embeddable":true,"href":"https:\/\/www.5gforum.es\/en\/wp-json\/wp\/v2\/categories?post=13023"},{"taxonomy":"post_tag","embeddable":true,"href":"https:\/\/www.5gforum.es\/en\/wp-json\/wp\/v2\/tags?post=13023"}],"curies":[{"name":"wp","href":"https:\/\/api.w.org\/{rel}","templated":true}]}}