{"id":12980,"date":"2024-04-25T09:07:39","date_gmt":"2024-04-25T08:07:39","guid":{"rendered":"https:\/\/www.5gforum.es\/las-multinacionales-espanolas-a-la-cabeza-en-5g-y-6g\/"},"modified":"2024-04-25T09:15:03","modified_gmt":"2024-04-25T08:15:03","slug":"las-multinacionales-espanolas-a-la-cabeza-en-5g-y-6g","status":"publish","type":"post","link":"https:\/\/www.5gforum.es\/en\/las-multinacionales-espanolas-a-la-cabeza-en-5g-y-6g\/","title":{"rendered":"SPANISH MULTINATIONALS LEAD THE WAY IN 5G AND 6G"},"content":{"rendered":"<ul>\n<li><span style=\"font-size: medium;\"><b>A total of 12 Spanish entities will be present at this seventh edition of the 5G Forum 24.<\/b><\/span><\/li>\n<li><span style=\"font-size: medium;\"><b>The three main operators in Spain, MasOrange, Telef\u00f3nica and Vodafone, have also joined.<\/b><\/span><\/li>\n<li><span style=\"font-size: medium;\"><b>Axion will show the different uses of 5G in the telecommunications sector: audiovisual, critical communications and indoor coverage.<\/b><\/span><\/li>\n<li><span style=\"font-size: medium;\"><b>Sergio Ceresuela, Director of Business Development and Operations at OFG Telecommunications, will address the development of 5G networks in Europe, Latin America and the United States.<\/b><\/span><\/li>\n<li><span style=\"font-size: medium;\"><b>Netmetrix CEO Pablo \u00c1lvarez will talk about the great forgotten ones in 5G testing.<\/b><\/span><\/li>\n<li><span style=\"font-size: medium;\"><b>Carlos Alonso, Applications Manager at WaveControl, will discuss the complexity of electromagnetic field measurements in 5G.<\/b><\/span><\/li>\n<li><span style=\"font-size: medium;\"><b>Sergio Cabrero, senior researcher at Vicomtech and coordinator of the 6GDifferent project, will present the research they are conducting to address the challenges of the future of mobile communications.<\/b><\/span><\/li>\n<\/ul>\n<p align=\"justify\"><span style=\"color: #202020;\"><b>The seventh edition of the 5G Forum, &#8220;Where 5G leaders meet&#8221;<\/b><\/span><span style=\"color: #202020;\">, will feature <\/span><span style=\"color: #202020;\"><b>12 Spanish entities and organizations (Netmetrix, OFG, Vicomtech, Wavecontrol, Axion, UMA <\/b><\/span><span style=\"color: #202020;\">-University of Malaga- <\/span><span style=\"color: #202020;\"><b>Gradiant, Hispasat, Gsertel, AI Funded, Opossum and Gamma Solutions<\/b><\/span><span style=\"color: #202020;\">) that are benchmarks in 5G and that will tell the latest advances in this technology showing the way to 6G. They will also be joined by the operators <\/span><span style=\"color: #202020;\"><b>MasOrange, Telef\u00f3nica and Vodafone<\/b><\/span><span style=\"color: #202020;\">. The event will take place at the Nissan Cartuja Auditorium in Seville from May 6 to 10 in hybrid format, with two face-to-face sessions -Monday May 6 and Tuesday May 7- and three virtual sessions -May 8, 9 and 10-. <\/span><\/p>\n<p><span style=\"color: #202020;\"><b>International expansion of the 5G Network<\/b><\/span><\/p>\n<p><span style=\"color: #202020;\"><b>Sergio Ceresuela<\/b><\/span><span style=\"color: #202020;\">, Director of Business Development and Operations at <\/span><span style=\"color: #202020;\"><b>OFG<\/b><\/span><span style=\"color: #202020;\">, will address the <\/span><span style=\"color: #202020;\"><b>development of 5G networks around the world through <\/b><\/span><span style=\"color: #202020;\">this multinational company that &#8220;provides growth and 5G network solutions to Mobile Operators&#8221; around the globe. OFG has a vital role in the worldwide deployment of 5G networks from Europe to Latin America -where the complexities of deployment in jungle areas are added-, including the new implementation of services in the United States for operators such as AT&amp;T, Verizon or T-Mobile.<\/span><\/p>\n<p><img loading=\"lazy\" decoding=\"async\" class=\"aligncenter wp-image-9801 size-full\" src=\"https:\/\/www.5gforum.es\/web\/wp-content\/uploads\/2023\/04\/Sergio-Ceresuela.jpg\" alt=\"\" width=\"653\" height=\"653\" srcset=\"https:\/\/www.5gforum.es\/web\/wp-content\/uploads\/2023\/04\/Sergio-Ceresuela.jpg 653w, https:\/\/www.5gforum.es\/web\/wp-content\/uploads\/2023\/04\/Sergio-Ceresuela-300x300.jpg 300w, https:\/\/www.5gforum.es\/web\/wp-content\/uploads\/2023\/04\/Sergio-Ceresuela-150x150.jpg 150w\" sizes=\"auto, (max-width: 653px) 100vw, 653px\" \/><\/p>\n<p><span style=\"color: #202020;\">On the other hand, <\/span><span style=\"color: #202020;\"><b>Pablo Alvarez<\/b><\/span><span style=\"color: #202020;\">, General Manager at <\/span><span style=\"color: #202020;\"><b>Netmetrix, <\/b><\/span><span style=\"color: #202020;\">will talk about the <\/span><span style=\"color: #202020;\"><b>great forgotten in 5G testing<\/b><\/span><span style=\"color: #202020;\">: &#8220;Normally when testing 5G, one always asks about performance, functionality, interoperability&#8230; that is, does it work? But there are 2 very important elements that are often overlooked&#8230; synchronism&#8230; and testing in as realistic an environment as possible.&#8221;<\/span><\/p>\n<p><img loading=\"lazy\" decoding=\"async\" class=\"aligncenter wp-image-12955 size-large\" src=\"https:\/\/www.5gforum.es\/web\/wp-content\/uploads\/2024\/04\/Pablo-Alvarez-scaled-e1714031781495-1024x922.jpg\" alt=\"\" width=\"1024\" height=\"922\" srcset=\"https:\/\/www.5gforum.es\/web\/wp-content\/uploads\/2024\/04\/Pablo-Alvarez-scaled-e1714031781495-1024x922.jpg 1024w, https:\/\/www.5gforum.es\/web\/wp-content\/uploads\/2024\/04\/Pablo-Alvarez-scaled-e1714031781495-300x270.jpg 300w, https:\/\/www.5gforum.es\/web\/wp-content\/uploads\/2024\/04\/Pablo-Alvarez-scaled-e1714031781495-768x691.jpg 768w, https:\/\/www.5gforum.es\/web\/wp-content\/uploads\/2024\/04\/Pablo-Alvarez-scaled-e1714031781495-1536x1383.jpg 1536w, https:\/\/www.5gforum.es\/web\/wp-content\/uploads\/2024\/04\/Pablo-Alvarez-scaled-e1714031781495.jpg 1706w\" sizes=\"auto, (max-width: 1024px) 100vw, 1024px\" \/><\/p>\n<p><span style=\"color: #202020;\"><b>The future of mobile communications: 6GDifferent<\/b><\/span><\/p>\n<p><span style=\"color: #202020;\">The Cervera Network of Excellence research project called <\/span><span style=\"color: #202020;\"><b>6GDifferent<\/b><\/span><span style=\"color: #202020;\">, led by the <\/span><span style=\"color: #202020;\"><b>Vicomtech <\/b><\/span><span style=\"color: #202020;\">technology center, aims to take the advance of 5G networks one step further and will present &#8220;the technological challenges of the future of mobile communications&#8221;, according to its coordinator <\/span><span style=\"color: #202020;\"><b>Sergio Cabrero<\/b><\/span><span style=\"color: #202020;\">. The <\/span><span style=\"color: #202020;\"><b>alliance <\/b><\/span><span style=\"color: #202020;\">of the technology centers <\/span><span style=\"color: #202020;\"><b>Vicomtech, Gradiant and i2CAT <\/b><\/span><span style=\"color: #202020;\">has given rise to this research project based on &#8220;the development of new technologies, the creation of experimentation platforms and the implementation of demonstrators&#8221;.<\/span><\/p>\n<p><img loading=\"lazy\" decoding=\"async\" class=\"aligncenter wp-image-12957 size-large\" src=\"https:\/\/www.5gforum.es\/web\/wp-content\/uploads\/2024\/04\/Sergio-Cabrero-e1714031826850-1024x660.jpg\" alt=\"\" width=\"1024\" height=\"660\" srcset=\"https:\/\/www.5gforum.es\/web\/wp-content\/uploads\/2024\/04\/Sergio-Cabrero-e1714031826850-1024x660.jpg 1024w, https:\/\/www.5gforum.es\/web\/wp-content\/uploads\/2024\/04\/Sergio-Cabrero-e1714031826850-300x193.jpg 300w, https:\/\/www.5gforum.es\/web\/wp-content\/uploads\/2024\/04\/Sergio-Cabrero-e1714031826850-768x495.jpg 768w, https:\/\/www.5gforum.es\/web\/wp-content\/uploads\/2024\/04\/Sergio-Cabrero-e1714031826850-1536x990.jpg 1536w, https:\/\/www.5gforum.es\/web\/wp-content\/uploads\/2024\/04\/Sergio-Cabrero-e1714031826850.jpg 1996w\" sizes=\"auto, (max-width: 1024px) 100vw, 1024px\" \/><\/p>\n<p><span style=\"color: #202020;\">From a more technical point of view, <\/span><span style=\"color: #202020;\"><b>Carlos Alonso<\/b><\/span><span style=\"color: #202020;\">, Applications Manager at <\/span><span style=\"color: #202020;\"><b>Wavecontrol, <\/b><\/span><span style=\"color: #202020;\">will address the <\/span><span style=\"color: #202020;\"><b>&#8220;simplification of electromagnetic field measurements in 5G<\/b><\/span><span style=\"color: #202020;\">&#8221; in this seventh edition of the 5G Forum. &#8220;5G technology has imposed strong challenges to electromagnetic field measurement for the protection of people. I will present an approach based on measurement with broadband equipment, which results in a simple and straightforward measurement method that provides real measurements of maximum and typical exposure.&#8221;<\/span><\/p>\n<p><img loading=\"lazy\" decoding=\"async\" class=\"aligncenter wp-image-12959 size-large\" src=\"https:\/\/www.5gforum.es\/web\/wp-content\/uploads\/2024\/04\/Carlos-Alonso-ok-1024x1024.png\" alt=\"\" width=\"1024\" height=\"1024\" srcset=\"https:\/\/www.5gforum.es\/web\/wp-content\/uploads\/2024\/04\/Carlos-Alonso-ok-1024x1024.png 1024w, https:\/\/www.5gforum.es\/web\/wp-content\/uploads\/2024\/04\/Carlos-Alonso-ok-300x300.png 300w, https:\/\/www.5gforum.es\/web\/wp-content\/uploads\/2024\/04\/Carlos-Alonso-ok-150x150.png 150w, https:\/\/www.5gforum.es\/web\/wp-content\/uploads\/2024\/04\/Carlos-Alonso-ok-768x768.png 768w, https:\/\/www.5gforum.es\/web\/wp-content\/uploads\/2024\/04\/Carlos-Alonso-ok.png 1438w\" sizes=\"auto, (max-width: 1024px) 100vw, 1024px\" \/><\/p>\n<p><span style=\"color: #202020;\">Also, <\/span><span style=\"color: #202020;\"><b>Axion<\/b><\/span><span style=\"color: #202020;\">, national wholesale operator of telecommunications infrastructures and services, will be the protagonist with a panel of experts moderated by <\/span><span style=\"color: #202020;\"><b>Cristina Le\u00f3n<\/b><\/span><span style=\"color: #202020;\">, who will address 5G and the different uses in the <\/span><span style=\"color: #202020;\"><b>telecommunications <\/b><\/span><span style=\"color: #202020;\">sector <\/span><span style=\"color: #202020;\"><b>&#8211; audiovisual, critical communications and indoor coverage<\/b><\/span><span style=\"color: #202020;\">. The participants in this session will be <\/span><span style=\"color: #202020;\"><b>Manuel Garrido<\/b><\/span><span style=\"color: #202020;\">, head of Telecommunications of <\/span><span style=\"color: #202020;\"><b>RTVA, Francisco Manuel P\u00e9rez<\/b><\/span><span style=\"color: #202020;\">, head of Civil Protection of the <\/span><span style=\"color: #202020;\"><b>City of Seville and \u00c1lvaro Onta\u00f1\u00f3n CIO of Merlin Properties.<\/b><\/span><\/p>\n<p><img loading=\"lazy\" decoding=\"async\" class=\"aligncenter wp-image-12963 size-large\" src=\"https:\/\/www.5gforum.es\/web\/wp-content\/uploads\/2024\/04\/Cristina-Leon-Axion-1024x768.jpg\" alt=\"\" width=\"1024\" height=\"768\" srcset=\"https:\/\/www.5gforum.es\/web\/wp-content\/uploads\/2024\/04\/Cristina-Leon-Axion-1024x768.jpg 1024w, https:\/\/www.5gforum.es\/web\/wp-content\/uploads\/2024\/04\/Cristina-Leon-Axion-300x225.jpg 300w, https:\/\/www.5gforum.es\/web\/wp-content\/uploads\/2024\/04\/Cristina-Leon-Axion-768x576.jpg 768w, https:\/\/www.5gforum.es\/web\/wp-content\/uploads\/2024\/04\/Cristina-Leon-Axion-1536x1152.jpg 1536w, https:\/\/www.5gforum.es\/web\/wp-content\/uploads\/2024\/04\/Cristina-Leon-Axion-2048x1536.jpg 2048w\" sizes=\"auto, (max-width: 1024px) 100vw, 1024px\" \/><\/p>\n<p><img loading=\"lazy\" decoding=\"async\" class=\"aligncenter wp-image-12967 size-large\" src=\"https:\/\/www.5gforum.es\/web\/wp-content\/uploads\/2024\/04\/Manuel-Garrido-Fernandez-RTVA-1024x768.jpg\" alt=\"\" width=\"1024\" height=\"768\" srcset=\"https:\/\/www.5gforum.es\/web\/wp-content\/uploads\/2024\/04\/Manuel-Garrido-Fernandez-RTVA-1024x768.jpg 1024w, https:\/\/www.5gforum.es\/web\/wp-content\/uploads\/2024\/04\/Manuel-Garrido-Fernandez-RTVA-300x225.jpg 300w, https:\/\/www.5gforum.es\/web\/wp-content\/uploads\/2024\/04\/Manuel-Garrido-Fernandez-RTVA-768x576.jpg 768w, https:\/\/www.5gforum.es\/web\/wp-content\/uploads\/2024\/04\/Manuel-Garrido-Fernandez-RTVA-1536x1152.jpg 1536w, https:\/\/www.5gforum.es\/web\/wp-content\/uploads\/2024\/04\/Manuel-Garrido-Fernandez-RTVA-2048x1536.jpg 2048w\" sizes=\"auto, (max-width: 1024px) 100vw, 1024px\" \/><\/p>\n<p><img loading=\"lazy\" decoding=\"async\" class=\"aligncenter wp-image-12965 size-full\" src=\"https:\/\/www.5gforum.es\/web\/wp-content\/uploads\/2024\/04\/Francisco-M.-Perez-Costa-Ayto-Sevilla-e1714032041244.jpg\" alt=\"\" width=\"635\" height=\"601\" srcset=\"https:\/\/www.5gforum.es\/web\/wp-content\/uploads\/2024\/04\/Francisco-M.-Perez-Costa-Ayto-Sevilla-e1714032041244.jpg 635w, https:\/\/www.5gforum.es\/web\/wp-content\/uploads\/2024\/04\/Francisco-M.-Perez-Costa-Ayto-Sevilla-e1714032041244-300x284.jpg 300w\" sizes=\"auto, (max-width: 635px) 100vw, 635px\" \/><\/p>\n<p><img loading=\"lazy\" decoding=\"async\" class=\"aligncenter wp-image-12961 size-full\" src=\"https:\/\/www.5gforum.es\/web\/wp-content\/uploads\/2024\/04\/Alvaro-Ontanon-Merlin-Properties.jpg\" alt=\"\" width=\"512\" height=\"475\" srcset=\"https:\/\/www.5gforum.es\/web\/wp-content\/uploads\/2024\/04\/Alvaro-Ontanon-Merlin-Properties.jpg 512w, https:\/\/www.5gforum.es\/web\/wp-content\/uploads\/2024\/04\/Alvaro-Ontanon-Merlin-Properties-300x278.jpg 300w\" sizes=\"auto, (max-width: 512px) 100vw, 512px\" \/><\/p>\n<p><span style=\"color: #202020;\"><b>Victoria Network, advanced 5G and 6G<\/b><\/span><\/p>\n<p><span style=\"color: #202020;\"><b>Pedro Merino<\/b><\/span><span style=\"color: #202020;\">, Director of the Institute of Technology and Software Engineering at the <\/span><span style=\"color: #202020;\"><b>University of Malaga, <\/b><\/span><span style=\"color: #202020;\">will bring to all attendees of the 5G Forum 24 the details of the <\/span><span style=\"color: #202020;\"><b>Victoria Network, an experimentation platform for advanced 5G and 6G mobile networks <\/b><\/span><span style=\"color: #202020;\">managed by the MORSE group at ITIS, which is a key European reference for the success of 16 projects of the FP7, H2020 and Horizon Europe programs, as well as support for numerous national projects and the Recovery, Transformation and Resilience Plan (PRTR).<\/span><\/p>\n<p><img loading=\"lazy\" decoding=\"async\" class=\"aligncenter wp-image-12969 size-full\" src=\"https:\/\/www.5gforum.es\/web\/wp-content\/uploads\/2024\/04\/Pedro-Merino.jpg\" alt=\"\" width=\"400\" height=\"267\" srcset=\"https:\/\/www.5gforum.es\/web\/wp-content\/uploads\/2024\/04\/Pedro-Merino.jpg 400w, https:\/\/www.5gforum.es\/web\/wp-content\/uploads\/2024\/04\/Pedro-Merino-300x200.jpg 300w\" sizes=\"auto, (max-width: 400px) 100vw, 400px\" \/><\/p>\n<p><span style=\"color: #202020;\"><b>Satellite networks (NTN), security and 5G tools<\/b><\/span><\/p>\n<p><span style=\"color: #202020;\"><b>Jos\u00e9 Joaqu\u00edn Escudero<\/b><\/span><span style=\"color: #202020;\">, Head of Advanced Mobile Communications at <\/span><span style=\"color: #202020;\"><b>Gradiant, <\/b><\/span><span style=\"color: #202020;\">will give an introduction to <\/span><span style=\"color: #202020;\"><b>&#8220;5G network security<\/b><\/span><span style=\"color: #202020;\">, which represents a significant change with respect to the previous 4G generation&#8221;. Meanwhile, <\/span><span style=\"color: #202020;\"><b>Jos\u00e9 Luis Alcolea<\/b><\/span><span style=\"color: #202020;\">, Head of 5G Strategy at <\/span><span style=\"color: #202020;\"><b>Hispasat<\/b><\/span><span style=\"color: #202020;\">, will address the projects of this multinational company that will facilitate the use and integration of technology that allows <\/span><span style=\"color: #202020;\"><b>global access to the Internet through satellite or non-terrestrial networks (NTN) 5G and 6G<\/b><\/span><span style=\"color: #202020;\">. &#8220;The 5G NTN concept refers to the incorporation of satellite communications into the 3GPP framework. After more than 25 years of incompatibility, satellite will finally be able to integrate with 5G (and 6G) mobile communications standards.<\/span><\/p>\n<p><img loading=\"lazy\" decoding=\"async\" class=\"aligncenter wp-image-12971 size-large\" src=\"https:\/\/www.5gforum.es\/web\/wp-content\/uploads\/2024\/04\/Jose-Joaquin-Escudero-1024x683.jpg\" alt=\"\" width=\"1024\" height=\"683\" srcset=\"https:\/\/www.5gforum.es\/web\/wp-content\/uploads\/2024\/04\/Jose-Joaquin-Escudero-1024x683.jpg 1024w, https:\/\/www.5gforum.es\/web\/wp-content\/uploads\/2024\/04\/Jose-Joaquin-Escudero-300x200.jpg 300w, https:\/\/www.5gforum.es\/web\/wp-content\/uploads\/2024\/04\/Jose-Joaquin-Escudero-768x512.jpg 768w, https:\/\/www.5gforum.es\/web\/wp-content\/uploads\/2024\/04\/Jose-Joaquin-Escudero.jpg 1276w\" sizes=\"auto, (max-width: 1024px) 100vw, 1024px\" \/><\/p>\n<p><img loading=\"lazy\" decoding=\"async\" class=\"aligncenter wp-image-12973 size-large\" src=\"https:\/\/www.5gforum.es\/web\/wp-content\/uploads\/2024\/04\/Jose-Luis-Alcolea-min-scaled-e1714032273646-1024x845.jpg\" alt=\"\" width=\"1024\" height=\"845\" srcset=\"https:\/\/www.5gforum.es\/web\/wp-content\/uploads\/2024\/04\/Jose-Luis-Alcolea-min-scaled-e1714032273646-1024x845.jpg 1024w, https:\/\/www.5gforum.es\/web\/wp-content\/uploads\/2024\/04\/Jose-Luis-Alcolea-min-scaled-e1714032273646-300x248.jpg 300w, https:\/\/www.5gforum.es\/web\/wp-content\/uploads\/2024\/04\/Jose-Luis-Alcolea-min-scaled-e1714032273646-768x634.jpg 768w, https:\/\/www.5gforum.es\/web\/wp-content\/uploads\/2024\/04\/Jose-Luis-Alcolea-min-scaled-e1714032273646-1536x1268.jpg 1536w, https:\/\/www.5gforum.es\/web\/wp-content\/uploads\/2024\/04\/Jose-Luis-Alcolea-min-scaled-e1714032273646.jpg 1706w\" sizes=\"auto, (max-width: 1024px) 100vw, 1024px\" \/><\/p>\n<p><span style=\"color: #202020;\"><b>Santiago Otero, <\/b><\/span><span style=\"color: #202020;\">head of 5G development at <\/span><span style=\"color: #202020;\"><b>Gsertel, <\/b><\/span><span style=\"color: #202020;\">will present <\/span><span style=\"color: #202020;\"><b>5G Broadcast.<\/b><\/span><span style=\"color: #202020;\"> &#8220;A standard that is gaining special importance in recent years, as the fusion of the world of telephony with the world of television takes place thanks to 5G Broadcast and new services and tools will appear that will expand the scope of broadcasting.&#8221;<\/span><\/p>\n<p><img loading=\"lazy\" decoding=\"async\" class=\"aligncenter wp-image-12975 size-large\" src=\"https:\/\/www.5gforum.es\/web\/wp-content\/uploads\/2024\/04\/Santiago-Otero-GSERTEL-e1714032324261-1024x970.jpg\" alt=\"\" width=\"1024\" height=\"970\" srcset=\"https:\/\/www.5gforum.es\/web\/wp-content\/uploads\/2024\/04\/Santiago-Otero-GSERTEL-e1714032324261-1024x970.jpg 1024w, https:\/\/www.5gforum.es\/web\/wp-content\/uploads\/2024\/04\/Santiago-Otero-GSERTEL-e1714032324261-300x284.jpg 300w, https:\/\/www.5gforum.es\/web\/wp-content\/uploads\/2024\/04\/Santiago-Otero-GSERTEL-e1714032324261-768x728.jpg 768w, https:\/\/www.5gforum.es\/web\/wp-content\/uploads\/2024\/04\/Santiago-Otero-GSERTEL-e1714032324261.jpg 1200w\" sizes=\"auto, (max-width: 1024px) 100vw, 1024px\" \/><\/p>\n<p><span style=\"color: #202020;\"><b>Al Funded<\/b><\/span><span style=\"color: #202020;\">, from its director <\/span><span style=\"color: #202020;\"><b>Eugenia Taillefer<\/b><\/span><span style=\"color: #202020;\">, will talk about <\/span><span style=\"color: #202020;\"><b>Chatbots in 5G networks<\/b><\/span><span style=\"color: #202020;\">. &#8220;There will be demonstrations of how chatbots based on language models can be implemented in 5G environments.&#8221; For his part, <\/span><span style=\"color: #202020;\"><b>Gabriel R. Gonz\u00e1lvez<\/b><\/span><span style=\"color: #202020;\">, CEO of Opossum, will bring attendees closer to the world of &#8220;<\/span><span style=\"color: #202020;\"><b>Extended Reality <\/b><\/span><span style=\"color: #202020;\">and innovation&#8221;. The Extremaduran company <\/span><span style=\"color: #202020;\"><b>Gamma Solutions <\/b><\/span><span style=\"color: #202020;\">has also joined this seventh edition.<\/span><\/p>\n<p><img loading=\"lazy\" decoding=\"async\" class=\"aligncenter wp-image-12771 size-full\" src=\"https:\/\/www.5gforum.es\/web\/wp-content\/uploads\/2024\/04\/Diseno-sin-titulo-1.jpg\" alt=\"\" width=\"400\" height=\"400\" srcset=\"https:\/\/www.5gforum.es\/web\/wp-content\/uploads\/2024\/04\/Diseno-sin-titulo-1.jpg 400w, https:\/\/www.5gforum.es\/web\/wp-content\/uploads\/2024\/04\/Diseno-sin-titulo-1-300x300.jpg 300w, https:\/\/www.5gforum.es\/web\/wp-content\/uploads\/2024\/04\/Diseno-sin-titulo-1-150x150.jpg 150w\" sizes=\"auto, (max-width: 400px) 100vw, 400px\" \/><\/p>\n<p><img loading=\"lazy\" decoding=\"async\" class=\"aligncenter wp-image-12977 size-full\" src=\"https:\/\/www.5gforum.es\/web\/wp-content\/uploads\/2024\/04\/1624261459447-1.jpg\" alt=\"\" width=\"800\" height=\"800\" srcset=\"https:\/\/www.5gforum.es\/web\/wp-content\/uploads\/2024\/04\/1624261459447-1.jpg 800w, https:\/\/www.5gforum.es\/web\/wp-content\/uploads\/2024\/04\/1624261459447-1-300x300.jpg 300w, https:\/\/www.5gforum.es\/web\/wp-content\/uploads\/2024\/04\/1624261459447-1-150x150.jpg 150w, https:\/\/www.5gforum.es\/web\/wp-content\/uploads\/2024\/04\/1624261459447-1-768x768.jpg 768w\" sizes=\"auto, (max-width: 800px) 100vw, 800px\" \/><\/p>\n<p align=\"justify\"><strong>MasOrange, Telef\u00f3nica and Vodafone at the 5G Forum 2024<\/strong><\/p>\n<p align=\"justify\"><span style=\"color: #202020;\">The three main operators will talk about their latest advances in 5G technology. On behalf of <\/span><span style=\"color: #202020;\"><b>MasOrange, Miguel \u00c1ngel Victoria<\/b><\/span><span style=\"color: #202020;\">, Head of IoT B2B, and <\/span><span style=\"color: #202020;\"><b>Ang\u00e9lica S\u00e1nchez<\/b><\/span><span style=\"color: #202020;\">, Business and Marketing Director at Orange, will explain the advantages of this technology in both the residential and business markets.<\/span><\/p>\n<p align=\"justify\"><span style=\"color: #202020;\"><b>Telef\u00f3nica <\/b><\/span><span style=\"color: #202020;\">will be present with a session with the participation of <\/span><span style=\"color: #202020;\"><b>Juan Cambeiro<\/b><\/span><span style=\"color: #202020;\">, Head of 5G customer projects, and <\/span><span style=\"color: #202020;\"><b>\u00c1ngel \u00c1lamo<\/b><\/span><span style=\"color: #202020;\">, Head of LAN and 5G Marketing, which will review the present and future of &#8220;one of the most transformative technologies that have been deployed in recent years&#8221;. <\/span><span style=\"color: #202020;\"><b>David Artu\u00f1edo<\/b><\/span><span style=\"color: #202020;\">, Head of Future Networks Lab at TID, will also give a presentation on the Future Networks Lab projects in Andalusia.<\/span><\/p>\n<p align=\"justify\"><span style=\"color: #202020;\"><b>C\u00e9sar Ant\u00f3n<\/b><\/span><span style=\"color: #202020;\">, Network as a Platform Design and Development Manager at <\/span><span style=\"color: #202020;\"><b>Vodafone <\/b><\/span><span style=\"color: #202020;\">Business, will address the standardization of API networks.<\/span><\/p>\n<p align=\"justify\"><span style=\"color: #202020;\"><b>The 5G Forum <\/b><\/span><span style=\"color: #202020;\">has established itself as a reference forum in the technology sector, as it is a unique showcase with a multidisciplinary vocation to publicize each year the use cases and success stories of operators, companies, universities and institutions.<\/span><\/p>\n<p align=\"justify\"><span style=\"color: #202020;\"><b>All the presentations of this <\/b><\/span><span style=\"color: #202020;\">and previous editions can be viewed through &#8216;<\/span><a href=\"https:\/\/www.thenewtechobservatory.com\/inicio.aspx\"><span style=\"color: #007c89;\"><u><b>The Observatory<\/b><\/u><\/span><\/a><span style=\"color: #202020;\">&#8216;, the digital platform of Medina Media Events, where all the interventions will be available 24\/365 for <\/span><span style=\"color: #202020;\"><b>on-demand consumption<\/b><\/span><span style=\"color: #202020;\">, like Netflix, but free of charge.<\/span><\/p>\n<p align=\"justify\"><span style=\"color: #202020;\">The seventh edition of &#8216;<\/span><span style=\"color: #202020;\"><b>5G Forum<\/b><\/span><span style=\"color: #202020;\">&#8216; is organized by Medina Media Events and is supported by MasOrange, Telef\u00f3nica, Red Hat, Netmetrix, Huawei, ZTE, Mavenir, OFG, Vicomtech, Wavecontrol, Axi\u00f3n, the University of M\u00e1laga (UMA), Viavi Solutions, Nokia, Rohde &amp; Schwarz, Gradiant, Hispasat, Gsertel, AI Funded, Opossum and Gamma Solutions, among others.<\/span><\/p>\n","protected":false},"excerpt":{"rendered":"<p>A total of 12 Spanish entities will be present at this seventh edition of the 5G Forum 24. The three main operators in Spain, MasOrange, Telef\u00f3nica and Vodafone, have also joined. Axion will show the different uses of 5G in the telecommunications sector: audiovisual, critical communications and indoor coverage. Sergio Ceresuela, Director of Business Development [&hellip;]<\/p>\n","protected":false},"author":7,"featured_media":12954,"comment_status":"closed","ping_status":"closed","sticky":false,"template":"","format":"standard","meta":{"_acf_changed":false,"footnotes":""},"categories":[115],"tags":[130,134,62,63,127,128,129],"class_list":["post-12980","post","type-post","status-publish","format-standard","has-post-thumbnail","hentry","category-2024-en","tag-vodafone-en","tag-espana-en","tag-5g-en","tag-5g-forum-en","tag-masorange-en","tag-orange-en","tag-telefonica-en"],"acf":[],"yoast_head":"<!-- This site is optimized with the Yoast SEO plugin v27.4 - https:\/\/yoast.com\/product\/yoast-seo-wordpress\/ -->\n<title>SPANISH MULTINATIONALS LEAD THE WAY IN 5G AND 6G &#8211; 5G FORUM<\/title>\n<meta name=\"description\" content=\"Spanish multinationals lead the way in 5G and 6G\" \/>\n<meta name=\"robots\" content=\"index, follow, max-snippet:-1, max-image-preview:large, max-video-preview:-1\" \/>\n<link rel=\"canonical\" href=\"https:\/\/www.5gforum.es\/en\/las-multinacionales-espanolas-a-la-cabeza-en-5g-y-6g\/\" \/>\n<meta property=\"og:locale\" content=\"en_US\" \/>\n<meta property=\"og:type\" content=\"article\" \/>\n<meta property=\"og:title\" content=\"SPANISH MULTINATIONALS LEAD THE WAY IN 5G AND 6G &#8211; 5G FORUM\" \/>\n<meta property=\"og:description\" content=\"Spanish multinationals lead the way in 5G and 6G\" \/>\n<meta property=\"og:url\" content=\"https:\/\/www.5gforum.es\/en\/las-multinacionales-espanolas-a-la-cabeza-en-5g-y-6g\/\" \/>\n<meta property=\"og:site_name\" content=\"5G FORUM\" \/>\n<meta property=\"article:published_time\" content=\"2024-04-25T08:07:39+00:00\" \/>\n<meta property=\"article:modified_time\" content=\"2024-04-25T08:15:03+00:00\" \/>\n<meta property=\"og:image\" content=\"https:\/\/www.5gforum.es\/web\/wp-content\/uploads\/2024\/04\/iStock-1131540410.jpg\" \/>\n\t<meta property=\"og:image:width\" content=\"2121\" \/>\n\t<meta property=\"og:image:height\" content=\"1414\" \/>\n\t<meta property=\"og:image:type\" content=\"image\/jpeg\" \/>\n<meta name=\"author\" content=\"Gloria Mart\u00ednez\" \/>\n<meta name=\"twitter:card\" content=\"summary_large_image\" \/>\n<meta name=\"twitter:label1\" content=\"Written by\" \/>\n\t<meta name=\"twitter:data1\" content=\"Gloria Mart\u00ednez\" \/>\n\t<meta name=\"twitter:label2\" content=\"Est. reading time\" \/>\n\t<meta name=\"twitter:data2\" content=\"9 minutes\" \/>\n<script type=\"application\/ld+json\" class=\"yoast-schema-graph\">{\"@context\":\"https:\\\/\\\/schema.org\",\"@graph\":[{\"@type\":\"Article\",\"@id\":\"https:\\\/\\\/www.5gforum.es\\\/en\\\/las-multinacionales-espanolas-a-la-cabeza-en-5g-y-6g\\\/#article\",\"isPartOf\":{\"@id\":\"https:\\\/\\\/www.5gforum.es\\\/en\\\/las-multinacionales-espanolas-a-la-cabeza-en-5g-y-6g\\\/\"},\"author\":{\"name\":\"Gloria Mart\u00ednez\",\"@id\":\"https:\\\/\\\/www.5gforum.es\\\/en\\\/#\\\/schema\\\/person\\\/95e54f7d94b80dd61dd03c02596a4c65\"},\"headline\":\"SPANISH MULTINATIONALS LEAD THE WAY IN 5G AND 6G\",\"datePublished\":\"2024-04-25T08:07:39+00:00\",\"dateModified\":\"2024-04-25T08:15:03+00:00\",\"mainEntityOfPage\":{\"@id\":\"https:\\\/\\\/www.5gforum.es\\\/en\\\/las-multinacionales-espanolas-a-la-cabeza-en-5g-y-6g\\\/\"},\"wordCount\":1235,\"publisher\":{\"@id\":\"https:\\\/\\\/www.5gforum.es\\\/en\\\/#organization\"},\"image\":{\"@id\":\"https:\\\/\\\/www.5gforum.es\\\/en\\\/las-multinacionales-espanolas-a-la-cabeza-en-5g-y-6g\\\/#primaryimage\"},\"thumbnailUrl\":\"https:\\\/\\\/www.5gforum.es\\\/web\\\/wp-content\\\/uploads\\\/2024\\\/04\\\/iStock-1131540410.jpg\",\"keywords\":[\"vodafone\",\"espa\u00f1a\",\"5G\",\"5g forum\",\"masorange\",\"orange\",\"telefonica\"],\"articleSection\":[\"2024\"],\"inLanguage\":\"en-US\"},{\"@type\":\"WebPage\",\"@id\":\"https:\\\/\\\/www.5gforum.es\\\/en\\\/las-multinacionales-espanolas-a-la-cabeza-en-5g-y-6g\\\/\",\"url\":\"https:\\\/\\\/www.5gforum.es\\\/en\\\/las-multinacionales-espanolas-a-la-cabeza-en-5g-y-6g\\\/\",\"name\":\"SPANISH MULTINATIONALS LEAD THE WAY IN 5G AND 6G &#8211; 5G FORUM\",\"isPartOf\":{\"@id\":\"https:\\\/\\\/www.5gforum.es\\\/en\\\/#website\"},\"primaryImageOfPage\":{\"@id\":\"https:\\\/\\\/www.5gforum.es\\\/en\\\/las-multinacionales-espanolas-a-la-cabeza-en-5g-y-6g\\\/#primaryimage\"},\"image\":{\"@id\":\"https:\\\/\\\/www.5gforum.es\\\/en\\\/las-multinacionales-espanolas-a-la-cabeza-en-5g-y-6g\\\/#primaryimage\"},\"thumbnailUrl\":\"https:\\\/\\\/www.5gforum.es\\\/web\\\/wp-content\\\/uploads\\\/2024\\\/04\\\/iStock-1131540410.jpg\",\"datePublished\":\"2024-04-25T08:07:39+00:00\",\"dateModified\":\"2024-04-25T08:15:03+00:00\",\"description\":\"Spanish multinationals lead the way in 5G and 6G\",\"breadcrumb\":{\"@id\":\"https:\\\/\\\/www.5gforum.es\\\/en\\\/las-multinacionales-espanolas-a-la-cabeza-en-5g-y-6g\\\/#breadcrumb\"},\"inLanguage\":\"en-US\",\"potentialAction\":[{\"@type\":\"ReadAction\",\"target\":[\"https:\\\/\\\/www.5gforum.es\\\/en\\\/las-multinacionales-espanolas-a-la-cabeza-en-5g-y-6g\\\/\"]}]},{\"@type\":\"ImageObject\",\"inLanguage\":\"en-US\",\"@id\":\"https:\\\/\\\/www.5gforum.es\\\/en\\\/las-multinacionales-espanolas-a-la-cabeza-en-5g-y-6g\\\/#primaryimage\",\"url\":\"https:\\\/\\\/www.5gforum.es\\\/web\\\/wp-content\\\/uploads\\\/2024\\\/04\\\/iStock-1131540410.jpg\",\"contentUrl\":\"https:\\\/\\\/www.5gforum.es\\\/web\\\/wp-content\\\/uploads\\\/2024\\\/04\\\/iStock-1131540410.jpg\",\"width\":2121,\"height\":1414,\"caption\":\"Spain 5G network industrial illustration, big cellular tower or mast on digital background with the flag - 3D Illustration\"},{\"@type\":\"BreadcrumbList\",\"@id\":\"https:\\\/\\\/www.5gforum.es\\\/en\\\/las-multinacionales-espanolas-a-la-cabeza-en-5g-y-6g\\\/#breadcrumb\",\"itemListElement\":[{\"@type\":\"ListItem\",\"position\":1,\"name\":\"Portada\",\"item\":\"https:\\\/\\\/www.5gforum.es\\\/en\\\/\"},{\"@type\":\"ListItem\",\"position\":2,\"name\":\"SPANISH MULTINATIONALS LEAD THE WAY IN 5G AND 6G\"}]},{\"@type\":\"WebSite\",\"@id\":\"https:\\\/\\\/www.5gforum.es\\\/en\\\/#website\",\"url\":\"https:\\\/\\\/www.5gforum.es\\\/en\\\/\",\"name\":\"5G FORUM\",\"description\":\"Donde los l\u00edderes tecnol\u00f3gicos se dan cita\",\"publisher\":{\"@id\":\"https:\\\/\\\/www.5gforum.es\\\/en\\\/#organization\"},\"potentialAction\":[{\"@type\":\"SearchAction\",\"target\":{\"@type\":\"EntryPoint\",\"urlTemplate\":\"https:\\\/\\\/www.5gforum.es\\\/en\\\/?s={search_term_string}\"},\"query-input\":{\"@type\":\"PropertyValueSpecification\",\"valueRequired\":true,\"valueName\":\"search_term_string\"}}],\"inLanguage\":\"en-US\"},{\"@type\":\"Organization\",\"@id\":\"https:\\\/\\\/www.5gforum.es\\\/en\\\/#organization\",\"name\":\"5G FORUM\",\"url\":\"https:\\\/\\\/www.5gforum.es\\\/en\\\/\",\"logo\":{\"@type\":\"ImageObject\",\"inLanguage\":\"en-US\",\"@id\":\"https:\\\/\\\/www.5gforum.es\\\/en\\\/#\\\/schema\\\/logo\\\/image\\\/\",\"url\":\"https:\\\/\\\/www.5gforum.es\\\/web\\\/wp-content\\\/uploads\\\/2018\\\/03\\\/5gforum.png\",\"contentUrl\":\"https:\\\/\\\/www.5gforum.es\\\/web\\\/wp-content\\\/uploads\\\/2018\\\/03\\\/5gforum.png\",\"width\":548,\"height\":487,\"caption\":\"5G FORUM\"},\"image\":{\"@id\":\"https:\\\/\\\/www.5gforum.es\\\/en\\\/#\\\/schema\\\/logo\\\/image\\\/\"}},{\"@type\":\"Person\",\"@id\":\"https:\\\/\\\/www.5gforum.es\\\/en\\\/#\\\/schema\\\/person\\\/95e54f7d94b80dd61dd03c02596a4c65\",\"name\":\"Gloria Mart\u00ednez\",\"sameAs\":[\"http:\\\/\\\/www.medinamediaevents.com\"]}]}<\/script>\n<!-- \/ Yoast SEO plugin. -->","yoast_head_json":{"title":"SPANISH MULTINATIONALS LEAD THE WAY IN 5G AND 6G &#8211; 5G FORUM","description":"Spanish multinationals lead the way in 5G and 6G","robots":{"index":"index","follow":"follow","max-snippet":"max-snippet:-1","max-image-preview":"max-image-preview:large","max-video-preview":"max-video-preview:-1"},"canonical":"https:\/\/www.5gforum.es\/en\/las-multinacionales-espanolas-a-la-cabeza-en-5g-y-6g\/","og_locale":"en_US","og_type":"article","og_title":"SPANISH MULTINATIONALS LEAD THE WAY IN 5G AND 6G &#8211; 5G FORUM","og_description":"Spanish multinationals lead the way in 5G and 6G","og_url":"https:\/\/www.5gforum.es\/en\/las-multinacionales-espanolas-a-la-cabeza-en-5g-y-6g\/","og_site_name":"5G FORUM","article_published_time":"2024-04-25T08:07:39+00:00","article_modified_time":"2024-04-25T08:15:03+00:00","og_image":[{"width":2121,"height":1414,"url":"https:\/\/www.5gforum.es\/web\/wp-content\/uploads\/2024\/04\/iStock-1131540410.jpg","type":"image\/jpeg"}],"author":"Gloria Mart\u00ednez","twitter_card":"summary_large_image","twitter_misc":{"Written by":"Gloria Mart\u00ednez","Est. reading time":"9 minutes"},"schema":{"@context":"https:\/\/schema.org","@graph":[{"@type":"Article","@id":"https:\/\/www.5gforum.es\/en\/las-multinacionales-espanolas-a-la-cabeza-en-5g-y-6g\/#article","isPartOf":{"@id":"https:\/\/www.5gforum.es\/en\/las-multinacionales-espanolas-a-la-cabeza-en-5g-y-6g\/"},"author":{"name":"Gloria Mart\u00ednez","@id":"https:\/\/www.5gforum.es\/en\/#\/schema\/person\/95e54f7d94b80dd61dd03c02596a4c65"},"headline":"SPANISH MULTINATIONALS LEAD THE WAY IN 5G AND 6G","datePublished":"2024-04-25T08:07:39+00:00","dateModified":"2024-04-25T08:15:03+00:00","mainEntityOfPage":{"@id":"https:\/\/www.5gforum.es\/en\/las-multinacionales-espanolas-a-la-cabeza-en-5g-y-6g\/"},"wordCount":1235,"publisher":{"@id":"https:\/\/www.5gforum.es\/en\/#organization"},"image":{"@id":"https:\/\/www.5gforum.es\/en\/las-multinacionales-espanolas-a-la-cabeza-en-5g-y-6g\/#primaryimage"},"thumbnailUrl":"https:\/\/www.5gforum.es\/web\/wp-content\/uploads\/2024\/04\/iStock-1131540410.jpg","keywords":["vodafone","espa\u00f1a","5G","5g forum","masorange","orange","telefonica"],"articleSection":["2024"],"inLanguage":"en-US"},{"@type":"WebPage","@id":"https:\/\/www.5gforum.es\/en\/las-multinacionales-espanolas-a-la-cabeza-en-5g-y-6g\/","url":"https:\/\/www.5gforum.es\/en\/las-multinacionales-espanolas-a-la-cabeza-en-5g-y-6g\/","name":"SPANISH MULTINATIONALS LEAD THE WAY IN 5G AND 6G &#8211; 5G FORUM","isPartOf":{"@id":"https:\/\/www.5gforum.es\/en\/#website"},"primaryImageOfPage":{"@id":"https:\/\/www.5gforum.es\/en\/las-multinacionales-espanolas-a-la-cabeza-en-5g-y-6g\/#primaryimage"},"image":{"@id":"https:\/\/www.5gforum.es\/en\/las-multinacionales-espanolas-a-la-cabeza-en-5g-y-6g\/#primaryimage"},"thumbnailUrl":"https:\/\/www.5gforum.es\/web\/wp-content\/uploads\/2024\/04\/iStock-1131540410.jpg","datePublished":"2024-04-25T08:07:39+00:00","dateModified":"2024-04-25T08:15:03+00:00","description":"Spanish multinationals lead the way in 5G and 6G","breadcrumb":{"@id":"https:\/\/www.5gforum.es\/en\/las-multinacionales-espanolas-a-la-cabeza-en-5g-y-6g\/#breadcrumb"},"inLanguage":"en-US","potentialAction":[{"@type":"ReadAction","target":["https:\/\/www.5gforum.es\/en\/las-multinacionales-espanolas-a-la-cabeza-en-5g-y-6g\/"]}]},{"@type":"ImageObject","inLanguage":"en-US","@id":"https:\/\/www.5gforum.es\/en\/las-multinacionales-espanolas-a-la-cabeza-en-5g-y-6g\/#primaryimage","url":"https:\/\/www.5gforum.es\/web\/wp-content\/uploads\/2024\/04\/iStock-1131540410.jpg","contentUrl":"https:\/\/www.5gforum.es\/web\/wp-content\/uploads\/2024\/04\/iStock-1131540410.jpg","width":2121,"height":1414,"caption":"Spain 5G network industrial illustration, big cellular tower or mast on digital background with the flag - 3D Illustration"},{"@type":"BreadcrumbList","@id":"https:\/\/www.5gforum.es\/en\/las-multinacionales-espanolas-a-la-cabeza-en-5g-y-6g\/#breadcrumb","itemListElement":[{"@type":"ListItem","position":1,"name":"Portada","item":"https:\/\/www.5gforum.es\/en\/"},{"@type":"ListItem","position":2,"name":"SPANISH MULTINATIONALS LEAD THE WAY IN 5G AND 6G"}]},{"@type":"WebSite","@id":"https:\/\/www.5gforum.es\/en\/#website","url":"https:\/\/www.5gforum.es\/en\/","name":"5G FORUM","description":"Donde los l\u00edderes tecnol\u00f3gicos se dan cita","publisher":{"@id":"https:\/\/www.5gforum.es\/en\/#organization"},"potentialAction":[{"@type":"SearchAction","target":{"@type":"EntryPoint","urlTemplate":"https:\/\/www.5gforum.es\/en\/?s={search_term_string}"},"query-input":{"@type":"PropertyValueSpecification","valueRequired":true,"valueName":"search_term_string"}}],"inLanguage":"en-US"},{"@type":"Organization","@id":"https:\/\/www.5gforum.es\/en\/#organization","name":"5G FORUM","url":"https:\/\/www.5gforum.es\/en\/","logo":{"@type":"ImageObject","inLanguage":"en-US","@id":"https:\/\/www.5gforum.es\/en\/#\/schema\/logo\/image\/","url":"https:\/\/www.5gforum.es\/web\/wp-content\/uploads\/2018\/03\/5gforum.png","contentUrl":"https:\/\/www.5gforum.es\/web\/wp-content\/uploads\/2018\/03\/5gforum.png","width":548,"height":487,"caption":"5G FORUM"},"image":{"@id":"https:\/\/www.5gforum.es\/en\/#\/schema\/logo\/image\/"}},{"@type":"Person","@id":"https:\/\/www.5gforum.es\/en\/#\/schema\/person\/95e54f7d94b80dd61dd03c02596a4c65","name":"Gloria Mart\u00ednez","sameAs":["http:\/\/www.medinamediaevents.com"]}]}},"_links":{"self":[{"href":"https:\/\/www.5gforum.es\/en\/wp-json\/wp\/v2\/posts\/12980","targetHints":{"allow":["GET"]}}],"collection":[{"href":"https:\/\/www.5gforum.es\/en\/wp-json\/wp\/v2\/posts"}],"about":[{"href":"https:\/\/www.5gforum.es\/en\/wp-json\/wp\/v2\/types\/post"}],"author":[{"embeddable":true,"href":"https:\/\/www.5gforum.es\/en\/wp-json\/wp\/v2\/users\/7"}],"replies":[{"embeddable":true,"href":"https:\/\/www.5gforum.es\/en\/wp-json\/wp\/v2\/comments?post=12980"}],"version-history":[{"count":0,"href":"https:\/\/www.5gforum.es\/en\/wp-json\/wp\/v2\/posts\/12980\/revisions"}],"wp:featuredmedia":[{"embeddable":true,"href":"https:\/\/www.5gforum.es\/en\/wp-json\/wp\/v2\/media\/12954"}],"wp:attachment":[{"href":"https:\/\/www.5gforum.es\/en\/wp-json\/wp\/v2\/media?parent=12980"}],"wp:term":[{"taxonomy":"category","embeddable":true,"href":"https:\/\/www.5gforum.es\/en\/wp-json\/wp\/v2\/categories?post=12980"},{"taxonomy":"post_tag","embeddable":true,"href":"https:\/\/www.5gforum.es\/en\/wp-json\/wp\/v2\/tags?post=12980"}],"curies":[{"name":"wp","href":"https:\/\/api.w.org\/{rel}","templated":true}]}}